{"id":621,"date":"2024-01-01T15:57:00","date_gmt":"2024-01-01T14:57:00","guid":{"rendered":"https:\/\/www.thomas-peglau.de\/?p=621"},"modified":"2025-06-01T18:31:51","modified_gmt":"2025-06-01T17:31:51","slug":"rubjerg-knude-fyr","status":"publish","type":"post","link":"https:\/\/www.thomas-peglau.de\/?p=621","title":{"rendered":"Rubjerg Knude Fyr"},"content":{"rendered":"\n<figure class=\"wp-block-image size-large\"><a href=\"https:\/\/www.thomas-peglau.de\/wp-content\/uploads\/2024\/03\/DSC06098-scaled.jpg\"><img loading=\"lazy\" decoding=\"async\" width=\"1024\" height=\"681\" src=\"https:\/\/www.thomas-peglau.de\/wp-content\/uploads\/2024\/03\/DSC06098-1024x681.jpg\" alt=\"\" class=\"wp-image-623\" srcset=\"https:\/\/www.thomas-peglau.de\/wp-content\/uploads\/2024\/03\/DSC06098-1024x681.jpg 1024w, https:\/\/www.thomas-peglau.de\/wp-content\/uploads\/2024\/03\/DSC06098-300x200.jpg 300w, https:\/\/www.thomas-peglau.de\/wp-content\/uploads\/2024\/03\/DSC06098-768x511.jpg 768w, https:\/\/www.thomas-peglau.de\/wp-content\/uploads\/2024\/03\/DSC06098-1536x1022.jpg 1536w\" sizes=\"auto, (max-width: 1024px) 100vw, 1024px\" \/><\/a><\/figure>\n\n\n\n<p>Der Leutturm, den ich am h\u00e4ufigsten besucht und fotografiert habe. Hier noch am alten Standort. Damit er nicht die 60 Meter tiefe Steilk\u00fcste runterf\u00e4llt, hat man ihm 2019 sicherheitshalber gute 70 Meter landeinw\u00e4rts verschoben. In D\u00e4nemark ist sowas m\u00f6glich. Bei uns h\u00e4tten Planung und Beantragung vermutlich so lange gedauert, bis der Turm schon lange am Strand gelegen h\u00e4tte.<\/p>\n\n\n\n<figure class=\"wp-block-gallery has-nested-images columns-default is-cropped wp-block-gallery-1 is-layout-flex wp-block-gallery-is-layout-flex\">\n<figure class=\"wp-block-image size-large\"><a href=\"https:\/\/www.thomas-peglau.de\/wp-content\/uploads\/2024\/03\/DSC00065-scaled.jpg\"><img loading=\"lazy\" decoding=\"async\" width=\"1024\" height=\"683\" data-id=\"629\" src=\"https:\/\/www.thomas-peglau.de\/wp-content\/uploads\/2024\/03\/DSC00065-1024x683.jpg\" alt=\"\" class=\"wp-image-629\" srcset=\"https:\/\/www.thomas-peglau.de\/wp-content\/uploads\/2024\/03\/DSC00065-1024x683.jpg 1024w, https:\/\/www.thomas-peglau.de\/wp-content\/uploads\/2024\/03\/DSC00065-300x200.jpg 300w, https:\/\/www.thomas-peglau.de\/wp-content\/uploads\/2024\/03\/DSC00065-768x512.jpg 768w, https:\/\/www.thomas-peglau.de\/wp-content\/uploads\/2024\/03\/DSC00065-1536x1024.jpg 1536w\" sizes=\"auto, (max-width: 1024px) 100vw, 1024px\" \/><\/a><\/figure>\n\n\n\n<figure class=\"wp-block-image size-large\"><a href=\"https:\/\/www.thomas-peglau.de\/wp-content\/uploads\/2024\/03\/DSC00072-scaled.jpg\"><img loading=\"lazy\" decoding=\"async\" width=\"1024\" height=\"683\" data-id=\"630\" src=\"https:\/\/www.thomas-peglau.de\/wp-content\/uploads\/2024\/03\/DSC00072-1024x683.jpg\" alt=\"\" class=\"wp-image-630\" srcset=\"https:\/\/www.thomas-peglau.de\/wp-content\/uploads\/2024\/03\/DSC00072-1024x683.jpg 1024w, https:\/\/www.thomas-peglau.de\/wp-content\/uploads\/2024\/03\/DSC00072-300x200.jpg 300w, https:\/\/www.thomas-peglau.de\/wp-content\/uploads\/2024\/03\/DSC00072-768x512.jpg 768w, https:\/\/www.thomas-peglau.de\/wp-content\/uploads\/2024\/03\/DSC00072-1536x1024.jpg 1536w\" sizes=\"auto, (max-width: 1024px) 100vw, 1024px\" \/><\/a><\/figure>\n\n\n\n<figure class=\"wp-block-image size-large\"><a href=\"https:\/\/www.thomas-peglau.de\/wp-content\/uploads\/2024\/03\/DSC06084-scaled.jpg\"><img loading=\"lazy\" decoding=\"async\" width=\"681\" height=\"1024\" data-id=\"628\" src=\"https:\/\/www.thomas-peglau.de\/wp-content\/uploads\/2024\/03\/DSC06084-681x1024.jpg\" alt=\"\" class=\"wp-image-628\" srcset=\"https:\/\/www.thomas-peglau.de\/wp-content\/uploads\/2024\/03\/DSC06084-681x1024.jpg 681w, https:\/\/www.thomas-peglau.de\/wp-content\/uploads\/2024\/03\/DSC06084-200x300.jpg 200w, https:\/\/www.thomas-peglau.de\/wp-content\/uploads\/2024\/03\/DSC06084-768x1154.jpg 768w, https:\/\/www.thomas-peglau.de\/wp-content\/uploads\/2024\/03\/DSC06084-1022x1536.jpg 1022w, https:\/\/www.thomas-peglau.de\/wp-content\/uploads\/2024\/03\/DSC06084-1363x2048.jpg 1363w, https:\/\/www.thomas-peglau.de\/wp-content\/uploads\/2024\/03\/DSC06084-scaled.jpg 1704w\" sizes=\"auto, (max-width: 681px) 100vw, 681px\" \/><\/a><\/figure>\n\n\n\n<figure class=\"wp-block-image size-large\"><a href=\"https:\/\/www.thomas-peglau.de\/wp-content\/uploads\/2024\/03\/DSC06090-scaled.jpg\"><img loading=\"lazy\" decoding=\"async\" width=\"1024\" height=\"681\" data-id=\"626\" src=\"https:\/\/www.thomas-peglau.de\/wp-content\/uploads\/2024\/03\/DSC06090-1024x681.jpg\" alt=\"\" class=\"wp-image-626\" srcset=\"https:\/\/www.thomas-peglau.de\/wp-content\/uploads\/2024\/03\/DSC06090-1024x681.jpg 1024w, https:\/\/www.thomas-peglau.de\/wp-content\/uploads\/2024\/03\/DSC06090-300x200.jpg 300w, https:\/\/www.thomas-peglau.de\/wp-content\/uploads\/2024\/03\/DSC06090-768x511.jpg 768w, https:\/\/www.thomas-peglau.de\/wp-content\/uploads\/2024\/03\/DSC06090-1536x1022.jpg 1536w\" sizes=\"auto, (max-width: 1024px) 100vw, 1024px\" \/><\/a><\/figure>\n\n\n\n<figure class=\"wp-block-image size-large\"><a href=\"https:\/\/www.thomas-peglau.de\/wp-content\/uploads\/2024\/03\/DSC09613-scaled.jpg\"><img loading=\"lazy\" decoding=\"async\" width=\"1024\" height=\"683\" data-id=\"627\" src=\"https:\/\/www.thomas-peglau.de\/wp-content\/uploads\/2024\/03\/DSC09613-1024x683.jpg\" alt=\"\" class=\"wp-image-627\" srcset=\"https:\/\/www.thomas-peglau.de\/wp-content\/uploads\/2024\/03\/DSC09613-1024x683.jpg 1024w, https:\/\/www.thomas-peglau.de\/wp-content\/uploads\/2024\/03\/DSC09613-300x200.jpg 300w, https:\/\/www.thomas-peglau.de\/wp-content\/uploads\/2024\/03\/DSC09613-768x512.jpg 768w, https:\/\/www.thomas-peglau.de\/wp-content\/uploads\/2024\/03\/DSC09613-1536x1024.jpg 1536w\" sizes=\"auto, (max-width: 1024px) 100vw, 1024px\" \/><\/a><\/figure>\n<\/figure>\n\n\n\n<p>Der Leuchtturm ist schon 1968 stillgelegt worden, weil damals die ihn umgebende D\u00fcne so hoch war, dass er von See aus nicht zu sehen war. Die D\u00fcne ist schon wieder weitergezogen (ohne fremde Hilfe). Die Wirtschaftsgeb\u00e4ude, die den Leuchtturm dereinst umgeben hatten, sind auch schon l\u00e4ngst eingefallen oder vermutlich aus Sicherheitsgr\u00fcnden abgebrochen worden. Ein paar alte Steine davon liegen noch herum.<br>Im Sommer und vor allem bei gutem Wetter ist es dort tags\u00fcber &#8222;etwas voller&#8220;. Irgendwer steht dann beim Fotografieren fast immer im Weg rum. Abends wird&#8217;s dann besser und leerer.<\/p>\n","protected":false},"excerpt":{"rendered":"<p>Der Leutturm, den ich am h\u00e4ufigsten besucht und fotografiert habe. Hier noch am alten Standort. Damit er nicht die 60 Meter tiefe Steilk\u00fcste runterf\u00e4llt, hat man ihm 2019 sicherheitshalber gute 70 Meter landeinw\u00e4rts verschoben. In D\u00e4nemark ist sowas m\u00f6glich. Bei uns h\u00e4tten Planung und Beantragung vermutlich so lange gedauert, bis der Turm schon lange am &#8230;<\/p>\n","protected":false},"author":1,"featured_media":0,"comment_status":"open","ping_status":"open","sticky":false,"template":"","format":"standard","meta":{"footnotes":""},"categories":[1],"tags":[],"class_list":["post-621","post","type-post","status-publish","format-standard","hentry","category-allgemein"],"_links":{"self":[{"href":"https:\/\/www.thomas-peglau.de\/index.php?rest_route=\/wp\/v2\/posts\/621","targetHints":{"allow":["GET"]}}],"collection":[{"href":"https:\/\/www.thomas-peglau.de\/index.php?rest_route=\/wp\/v2\/posts"}],"about":[{"href":"https:\/\/www.thomas-peglau.de\/index.php?rest_route=\/wp\/v2\/types\/post"}],"author":[{"embeddable":true,"href":"https:\/\/www.thomas-peglau.de\/index.php?rest_route=\/wp\/v2\/users\/1"}],"replies":[{"embeddable":true,"href":"https:\/\/www.thomas-peglau.de\/index.php?rest_route=%2Fwp%2Fv2%2Fcomments&post=621"}],"version-history":[{"count":9,"href":"https:\/\/www.thomas-peglau.de\/index.php?rest_route=\/wp\/v2\/posts\/621\/revisions"}],"predecessor-version":[{"id":642,"href":"https:\/\/www.thomas-peglau.de\/index.php?rest_route=\/wp\/v2\/posts\/621\/revisions\/642"}],"wp:attachment":[{"href":"https:\/\/www.thomas-peglau.de\/index.php?rest_route=%2Fwp%2Fv2%2Fmedia&parent=621"}],"wp:term":[{"taxonomy":"category","embeddable":true,"href":"https:\/\/www.thomas-peglau.de\/index.php?rest_route=%2Fwp%2Fv2%2Fcategories&post=621"},{"taxonomy":"post_tag","embeddable":true,"href":"https:\/\/www.thomas-peglau.de\/index.php?rest_route=%2Fwp%2Fv2%2Ftags&post=621"}],"curies":[{"name":"wp","href":"https:\/\/api.w.org\/{rel}","templated":true}]}}